[{"@context":"https:\/\/schema.org\/","@type":"Article","@id":"https:\/\/www.horsona.sk\/neozyva-sa-vieme-preco\/#Article","mainEntityOfPage":"https:\/\/www.horsona.sk\/neozyva-sa-vieme-preco\/","headline":"Neoz\u00fdva sa? Vieme, pre\u010do!","name":"Neoz\u00fdva sa? Vieme, pre\u010do!","description":"Mil\u00e9 \u017eeny, ak v\u00e1m mu\u017e nie\u010do s\u013e\u00fabi a\u00a0neurob\u00ed to, je na \u010dase zaradi\u0165 r\u00fdchlo spiato\u010dku. Mu\u017ei slovo vedia dodr\u017ea\u0165, no len vtedy, ak im na nie\u010dom skuto\u010dne z\u00e1le\u017e\u00ed. Ak ste [&hellip;]","datePublished":"2019-09-21","dateModified":"2023-04-25","author":{"@type":"Person","@id":"https:\/\/www.horsona.sk\/author\/#Person","name":"","url":"https:\/\/www.horsona.sk\/author\/","identifier":1,"image":{"@type":"ImageObject","@id":"https:\/\/secure.gravatar.com\/avatar\/68b3ed45b3ae6ecdad6bfa25b4077e93536d7764172b2830acbdb661d7242512?s=96&d=mm&r=g","url":"https:\/\/secure.gravatar.com\/avatar\/68b3ed45b3ae6ecdad6bfa25b4077e93536d7764172b2830acbdb661d7242512?s=96&d=mm&r=g","height":96,"width":96}},"publisher":{"@type":"Organization","name":"horsona.sk","logo":{"@type":"ImageObject","@id":"\/logo.png","url":"\/logo.png","width":600,"height":60}},"image":{"@type":"ImageObject","@id":"https:\/\/www.horsona.sk\/wp-content\/uploads\/img_a306449_w16762_t1568992643.jpg","url":"https:\/\/www.horsona.sk\/wp-content\/uploads\/img_a306449_w16762_t1568992643.jpg","height":0,"width":0},"url":"https:\/\/www.horsona.sk\/neozyva-sa-vieme-preco\/","about":["Mu\u017ei"],"wordCount":433,"articleBody":"Mil\u00e9 \u017eeny, ak v\u00e1m mu\u017e nie\u010do s\u013e\u00fabi a\u00a0neurob\u00ed to, je na \u010dase zaradi\u0165 r\u00fdchlo spiato\u010dku. Mu\u017ei slovo vedia dodr\u017ea\u0165, no len vtedy, ak im na nie\u010dom skuto\u010dne z\u00e1le\u017e\u00ed. Ak ste za\u017eili n\u00e1dhern\u00fd ve\u010der alebo noc, no on sa u\u017e neoz\u00fdva, je na \u010dase si uvedomi\u0165, \u017ee o\u00a0v\u00e1s skr\u00e1tka z\u00e1ujem nem\u00e1. Bola sme mu dobr\u00e1 akur\u00e1t tak na to, aby si chv\u00ed\u013eku u\u017eil. R\u00fdchlo v\u00e1s odbil, aby ste mu dali pokoj a\u00a0nevyzvedali, \u010di sa e\u0161te ozve.Mu\u017ei s\u00fa jednoduch\u00e9 stvorenia. Je to s\u00edce nef\u00e9r, \u017ee sa tak spr\u00e1vaj\u00fa, ale \u010d\u00edm sk\u00f4r to pochop\u00edte, t\u00fdm lep\u0161ie. Samozrejme to v\u00e4\u010d\u0161inou spravia, ak \u017eenu z\u00edskaj\u00fa pr\u00edli\u0161 \u013eahko. Ak toti\u017e nie\u010do musia dlho dob\u00fdja\u0165, v\u00e4\u010d\u0161inou je z\u00a0ich strany seri\u00f3zny z\u00e1ujem a\u00a0nechc\u00fa potom o\u00a0to pr\u00eds\u0165. Na \u010do by predsa tak dlho bojovali, keby malo \u00eds\u0165 len o\u00a0jeden ve\u010der?Mil\u00e9 d\u00e1my, ak sa d\u00e1te r\u00fdchlo zbali\u0165 a\u00a0zvies\u0165 do postele, ne\u010dudo, \u017ee mu\u017e to vyu\u017eije a\u00a0popravde, nem\u00e1 potom ani chu\u0165 sa v\u00e1m oz\u00fdva\u0165. Mo\u017eno ste mu nesadla povahovo a\u00a0mo\u017eno chcel len sk\u00fasi\u0165, ak\u00e9 by to s\u00a0vami bolo. Nevy\u010d\u00edtajte si to, nie je to va\u0161a vina.Mu\u017e jednoducho a\u00a0ur\u010dite z\u00e1ujem \u010falej prejavova\u0165 nebude. O\u010dividne na v\u00e1s u\u017e aj zabudol. Mo\u017eno si zablokoval va\u0161e \u010d\u00edslo a\u00a0mo\u017eno si ho ani nezap\u00edsal. Ur\u010dite, keby ho chcel ma\u0165, dal by si na tom ve\u013emi z\u00e1le\u017ea\u0165, aby ho z\u00edskal!Ko\u013eko dn\u00ed sa m\u00f4\u017ee neozva\u0165? Zvl\u00e1\u0161tna ot\u00e1zka. Pravdupovediac, mu\u017e sa ozve hne\u010f, ak chce. Minim\u00e1lne s\u00a0ot\u00e1zkou, \u010di ste do\u0161li v\u00a0poriadku domov. Pr\u00edpadne, ako sa v\u00e1m p\u00e1\u010dil ve\u010der alebo v\u00e1m navrhne, aby ste sa op\u00e4\u0165 stretli.Ak sa ale neoz\u00fdva ani po dni, \u010di dvoch, nejak\u00e1 v\u00fdhovorka, \u017ee m\u00e1 ve\u013ea pr\u00e1ce tu neplat\u00ed. Ka\u017ed\u00fd si n\u00e1jde predsa p\u00e4\u0165 min\u00fat na to, aby v\u00e1m nap\u00edsal \u010di zavolal v\u00e1m. Minim\u00e1lne tak m\u00f4\u017ee u\u010dini\u0165 pred span\u00edm alebo po\u010das obednej prest\u00e1vky, kedy si ka\u017ed\u00fd z\u00a0n\u00e1s prezrie minim\u00e1lne mobil a\u00a0soci\u00e1lne siete.Tak\u017ee ak sa neoz\u00fdva? Nechajte ho tak! Jednoducho, nebol ten prav\u00fd pre v\u00e1s!\u00a0                                                                                                                                                                                                                                                                                                                                                                                        4.3\/5 - (6 votes)        "},{"@context":"https:\/\/schema.org\/","@type":"BreadcrumbList","itemListElement":[{"@type":"ListItem","position":1,"name":"Neoz\u00fdva sa? Vieme, pre\u010do!","item":"https:\/\/www.horsona.sk\/neozyva-sa-vieme-preco\/#breadcrumbitem"}]}]